{"id":3634,"date":"2022-12-20T14:32:08","date_gmt":"2022-12-20T14:32:08","guid":{"rendered":"https:\/\/www.larsl.dk\/?p=3634"},"modified":"2022-12-24T09:37:26","modified_gmt":"2022-12-24T09:37:26","slug":"budapest-rejsemaal","status":"publish","type":"post","link":"https:\/\/www.larsl.dk\/index.php\/2022\/12\/20\/budapest-rejsemaal\/","title":{"rendered":"Budapest by Night"},"content":{"rendered":"\t\t<div data-elementor-type=\"wp-post\" data-elementor-id=\"3634\" class=\"elementor elementor-3634\">\n\t\t\t\t\t\t<section class=\"elementor-section elementor-top-section elementor-element elementor-element-8621c05 elementor-section-boxed elementor-section-height-default elementor-section-height-default\" data-id=\"8621c05\" data-element_type=\"section\" data-e-type=\"section\">\n\t\t\t\t\t\t<div class=\"elementor-container elementor-column-gap-default\">\n\t\t\t\t\t<div class=\"elementor-column elementor-col-100 elementor-top-column elementor-element elementor-element-690e7a0\" data-id=\"690e7a0\" data-element_type=\"column\" data-e-type=\"column\">\n\t\t\t<div class=\"elementor-widget-wrap elementor-element-populated\">\n\t\t\t\t\t\t<section class=\"elementor-section elementor-inner-section elementor-element elementor-element-00e6388 elementor-section-boxed elementor-section-height-default elementor-section-height-default\" data-id=\"00e6388\" data-element_type=\"section\" data-e-type=\"section\">\n\t\t\t\t\t\t<div class=\"elementor-container elementor-column-gap-default\">\n\t\t\t\t\t<div class=\"elementor-column elementor-col-100 elementor-inner-column elementor-element elementor-element-89a6a94\" data-id=\"89a6a94\" data-element_type=\"column\" data-e-type=\"column\">\n\t\t\t<div class=\"elementor-widget-wrap elementor-element-populated\">\n\t\t\t\t\t\t<div class=\"elementor-element elementor-element-4cb4b91 elementor-widget elementor-widget-heading\" data-id=\"4cb4b91\" data-element_type=\"widget\" data-e-type=\"widget\" data-widget_type=\"heading.default\">\n\t\t\t\t<div class=\"elementor-widget-container\">\n\t\t\t\t\t<h2 class=\"elementor-heading-title elementor-size-default\">Budapest by Night - en fantastisk oplevelse p\u00e5 Donau<\/h2>\t\t\t\t<\/div>\n\t\t\t\t<\/div>\n\t\t\t\t\t<\/div>\n\t\t<\/div>\n\t\t\t\t\t<\/div>\n\t\t<\/section>\n\t\t\t\t\t<\/div>\n\t\t<\/div>\n\t\t\t\t\t<\/div>\n\t\t<\/section>\n\t\t\t\t<section class=\"elementor-section elementor-top-section elementor-element elementor-element-ef76859 elementor-section-boxed elementor-section-height-default elementor-section-height-default\" data-id=\"ef76859\" data-element_type=\"section\" data-e-type=\"section\">\n\t\t\t\t\t\t<div class=\"elementor-container elementor-column-gap-default\">\n\t\t\t\t\t<div class=\"elementor-column elementor-col-100 elementor-top-column elementor-element elementor-element-b5f91aa\" data-id=\"b5f91aa\" data-element_type=\"column\" data-e-type=\"column\">\n\t\t\t<div class=\"elementor-widget-wrap elementor-element-populated\">\n\t\t\t\t\t\t<div class=\"elementor-element elementor-element-3cb237e elementor-widget elementor-widget-image\" data-id=\"3cb237e\" data-element_type=\"widget\" data-e-type=\"widget\" data-widget_type=\"image.default\">\n\t\t\t\t<div class=\"elementor-widget-container\">\n\t\t\t\t\t\t\t\t\t\t\t\t<figure class=\"wp-caption\">\n\t\t\t\t\t\t\t\t\t\t<img fetchpriority=\"high\" decoding=\"async\" width=\"1920\" height=\"1440\" src=\"https:\/\/www.larsl.dk\/wp-content\/uploads\/2022\/12\/Ungarns-Parlament-Budapest.jpg\" class=\"attachment-full size-full wp-image-3741\" alt=\"\" srcset=\"https:\/\/www.larsl.dk\/wp-content\/uploads\/2022\/12\/Ungarns-Parlament-Budapest.jpg 1920w, https:\/\/www.larsl.dk\/wp-content\/uploads\/2022\/12\/Ungarns-Parlament-Budapest-300x225.jpg 300w, https:\/\/www.larsl.dk\/wp-content\/uploads\/2022\/12\/Ungarns-Parlament-Budapest-1024x768.jpg 1024w, https:\/\/www.larsl.dk\/wp-content\/uploads\/2022\/12\/Ungarns-Parlament-Budapest-768x576.jpg 768w, https:\/\/www.larsl.dk\/wp-content\/uploads\/2022\/12\/Ungarns-Parlament-Budapest-1536x1152.jpg 1536w\" sizes=\"(max-width: 1920px) 100vw, 1920px\" \/>\t\t\t\t\t\t\t\t\t\t\t<figcaption class=\"widget-image-caption wp-caption-text\">Ungarns Parlament - et af verdens flotteste<\/figcaption>\n\t\t\t\t\t\t\t\t\t\t<\/figure>\n\t\t\t\t\t\t\t\t\t<\/div>\n\t\t\t\t<\/div>\n\t\t\t\t<div class=\"elementor-element elementor-element-34d1231 elementor-widget elementor-widget-text-editor\" data-id=\"34d1231\" data-element_type=\"widget\" data-e-type=\"widget\" data-widget_type=\"text-editor.default\">\n\t\t\t\t<div class=\"elementor-widget-container\">\n\t\t\t\t\t\t\t\t\t<h4>Budapest er en by der har puls og som samtidig byder p\u00e5 masser af \u00f8jenguf. Der er simpelthen alt det, man forventer af en tidligere hovedstad i det \u00f8strig-ungarske imperium. Mange steder er arven efter Habsburgerne selvf\u00f8lgelig tydelig at se i bybilledet, men Budapest er absolut sin egen. Det er ungarernes hovedstad og Ungarns navle, og ikke en \u00f8strigsk provinsby.<\/h4>\t\t\t\t\t\t\t\t<\/div>\n\t\t\t\t<\/div>\n\t\t\t\t\t<\/div>\n\t\t<\/div>\n\t\t\t\t\t<\/div>\n\t\t<\/section>\n\t\t\t\t<section class=\"elementor-section elementor-top-section elementor-element elementor-element-003233b elementor-section-boxed elementor-section-height-default elementor-section-height-default\" data-id=\"003233b\" data-element_type=\"section\" data-e-type=\"section\">\n\t\t\t\t\t\t<div class=\"elementor-container elementor-column-gap-default\">\n\t\t\t\t\t<div class=\"elementor-column elementor-col-100 elementor-top-column elementor-element elementor-element-66752cc\" data-id=\"66752cc\" data-element_type=\"column\" data-e-type=\"column\">\n\t\t\t<div class=\"elementor-widget-wrap elementor-element-populated\">\n\t\t\t\t\t\t<section class=\"elementor-section elementor-inner-section elementor-element elementor-element-73ddaab elementor-section-boxed elementor-section-height-default elementor-section-height-default\" data-id=\"73ddaab\" data-element_type=\"section\" data-e-type=\"section\">\n\t\t\t\t\t\t<div class=\"elementor-container elementor-column-gap-default\">\n\t\t\t\t\t<div class=\"elementor-column elementor-col-50 elementor-inner-column elementor-element elementor-element-7959fc8\" data-id=\"7959fc8\" data-element_type=\"column\" data-e-type=\"column\">\n\t\t\t<div class=\"elementor-widget-wrap elementor-element-populated\">\n\t\t\t\t\t\t<div class=\"elementor-element elementor-element-076072b elementor-widget elementor-widget-image\" data-id=\"076072b\" data-element_type=\"widget\" data-e-type=\"widget\" data-widget_type=\"image.default\">\n\t\t\t\t<div class=\"elementor-widget-container\">\n\t\t\t\t\t\t\t\t\t\t\t\t<figure class=\"wp-caption\">\n\t\t\t\t\t\t\t\t\t\t<img decoding=\"async\" width=\"800\" height=\"450\" src=\"https:\/\/www.larsl.dk\/wp-content\/uploads\/2022\/12\/Budapest-Frihedsbroen-Hotel-Gellert-Frihedsmonumentet-1-1024x576.jpg\" class=\"attachment-large size-large wp-image-3719\" alt=\"\" srcset=\"https:\/\/www.larsl.dk\/wp-content\/uploads\/2022\/12\/Budapest-Frihedsbroen-Hotel-Gellert-Frihedsmonumentet-1-1024x576.jpg 1024w, https:\/\/www.larsl.dk\/wp-content\/uploads\/2022\/12\/Budapest-Frihedsbroen-Hotel-Gellert-Frihedsmonumentet-1-300x169.jpg 300w, https:\/\/www.larsl.dk\/wp-content\/uploads\/2022\/12\/Budapest-Frihedsbroen-Hotel-Gellert-Frihedsmonumentet-1-768x432.jpg 768w, https:\/\/www.larsl.dk\/wp-content\/uploads\/2022\/12\/Budapest-Frihedsbroen-Hotel-Gellert-Frihedsmonumentet-1-1536x864.jpg 1536w, https:\/\/www.larsl.dk\/wp-content\/uploads\/2022\/12\/Budapest-Frihedsbroen-Hotel-Gellert-Frihedsmonumentet-1.jpg 1920w\" sizes=\"(max-width: 800px) 100vw, 800px\" \/>\t\t\t\t\t\t\t\t\t\t\t<figcaption class=\"widget-image-caption wp-caption-text\">Den gr\u00f8nne Frihedbroen med Gellertbjerget og det mund\u00e6ne hotel Gellert<\/figcaption>\n\t\t\t\t\t\t\t\t\t\t<\/figure>\n\t\t\t\t\t\t\t\t\t<\/div>\n\t\t\t\t<\/div>\n\t\t\t\t<div class=\"elementor-element elementor-element-ddfb591 elementor-widget elementor-widget-text-editor\" data-id=\"ddfb591\" data-element_type=\"widget\" data-e-type=\"widget\" data-widget_type=\"text-editor.default\">\n\t\t\t\t<div class=\"elementor-widget-container\">\n\t\t\t\t\t\t\t\t\t<p>En af de f\u00f8rste broer over Donau startede sin tilv\u00e6relse som Franz Josef broen. Men kejseren var ikke popul\u00e6r i Ungarn. Efter 1. verdenskrig blev den omd\u00f8bt Frihedsbroen, og det navn fik den lov at beholde, ogs\u00e5 under den kolde krig og i tiden efter. Hotel Gellert er lukket for ombygning i 2023.<\/p>\t\t\t\t\t\t\t\t<\/div>\n\t\t\t\t<\/div>\n\t\t\t\t\t<\/div>\n\t\t<\/div>\n\t\t\t\t<div class=\"elementor-column elementor-col-50 elementor-inner-column elementor-element elementor-element-7a7008c\" data-id=\"7a7008c\" data-element_type=\"column\" data-e-type=\"column\">\n\t\t\t<div class=\"elementor-widget-wrap elementor-element-populated\">\n\t\t\t\t\t\t<div class=\"elementor-element elementor-element-967a545 elementor-widget elementor-widget-image\" data-id=\"967a545\" data-element_type=\"widget\" data-e-type=\"widget\" data-widget_type=\"image.default\">\n\t\t\t\t<div class=\"elementor-widget-container\">\n\t\t\t\t\t\t\t\t\t\t\t\t<figure class=\"wp-caption\">\n\t\t\t\t\t\t\t\t\t\t<img decoding=\"async\" width=\"800\" height=\"451\" src=\"https:\/\/www.larsl.dk\/wp-content\/uploads\/2022\/12\/Elisabethbroen-og-Frihedsbroen-1024x577.jpg\" class=\"attachment-large size-large wp-image-3713\" alt=\"\" srcset=\"https:\/\/www.larsl.dk\/wp-content\/uploads\/2022\/12\/Elisabethbroen-og-Frihedsbroen-1024x577.jpg 1024w, https:\/\/www.larsl.dk\/wp-content\/uploads\/2022\/12\/Elisabethbroen-og-Frihedsbroen-300x169.jpg 300w, https:\/\/www.larsl.dk\/wp-content\/uploads\/2022\/12\/Elisabethbroen-og-Frihedsbroen-768x432.jpg 768w, https:\/\/www.larsl.dk\/wp-content\/uploads\/2022\/12\/Elisabethbroen-og-Frihedsbroen-1536x865.jpg 1536w, https:\/\/www.larsl.dk\/wp-content\/uploads\/2022\/12\/Elisabethbroen-og-Frihedsbroen-2048x1153.jpg 2048w\" sizes=\"(max-width: 800px) 100vw, 800px\" \/>\t\t\t\t\t\t\t\t\t\t\t<figcaption class=\"widget-image-caption wp-caption-text\">Elisabethbroen med den gr\u00f8nne Frihedsbro i baggrunden<\/figcaption>\n\t\t\t\t\t\t\t\t\t\t<\/figure>\n\t\t\t\t\t\t\t\t\t<\/div>\n\t\t\t\t<\/div>\n\t\t\t\t<div class=\"elementor-element elementor-element-d2e8dbc elementor-widget elementor-widget-text-editor\" data-id=\"d2e8dbc\" data-element_type=\"widget\" data-e-type=\"widget\" data-widget_type=\"text-editor.default\">\n\t\t\t\t<div class=\"elementor-widget-container\">\n\t\t\t\t\t\t\t\t\t<p>Franz Josef var ganske upopul\u00e6r, kejserinde Sisi derimod v\u00e6ldig popul\u00e6r, og den bro der ligger et par hundrede meter opstr\u00f8ms kom til at b\u00e6re hendes navn. Det var i 1964, under den kolde krig. Normalt er kommunister ikke s\u00e5 glade for de kongelige. Alligevel valgte man at mindes hende.<\/p>\t\t\t\t\t\t\t\t<\/div>\n\t\t\t\t<\/div>\n\t\t\t\t\t<\/div>\n\t\t<\/div>\n\t\t\t\t\t<\/div>\n\t\t<\/section>\n\t\t\t\t<section class=\"elementor-section elementor-inner-section elementor-element elementor-element-828bbc7 elementor-section-boxed elementor-section-height-default elementor-section-height-default\" data-id=\"828bbc7\" data-element_type=\"section\" data-e-type=\"section\">\n\t\t\t\t\t\t<div class=\"elementor-container elementor-column-gap-default\">\n\t\t\t\t\t<div class=\"elementor-column elementor-col-50 elementor-inner-column elementor-element elementor-element-41af4f5\" data-id=\"41af4f5\" data-element_type=\"column\" data-e-type=\"column\">\n\t\t\t<div class=\"elementor-widget-wrap elementor-element-populated\">\n\t\t\t\t\t\t<div class=\"elementor-element elementor-element-ba22fa6 elementor-widget elementor-widget-image\" data-id=\"ba22fa6\" data-element_type=\"widget\" data-e-type=\"widget\" data-widget_type=\"image.default\">\n\t\t\t\t<div class=\"elementor-widget-container\">\n\t\t\t\t\t\t\t\t\t\t\t\t<figure class=\"wp-caption\">\n\t\t\t\t\t\t\t\t\t\t<img loading=\"lazy\" decoding=\"async\" width=\"667\" height=\"900\" src=\"https:\/\/www.larsl.dk\/wp-content\/uploads\/2022\/12\/Hotel-Gellert-Foyer.png\" class=\"attachment-medium_large size-medium_large wp-image-3724\" alt=\"\" srcset=\"https:\/\/www.larsl.dk\/wp-content\/uploads\/2022\/12\/Hotel-Gellert-Foyer.png 667w, https:\/\/www.larsl.dk\/wp-content\/uploads\/2022\/12\/Hotel-Gellert-Foyer-222x300.png 222w\" sizes=\"(max-width: 667px) 100vw, 667px\" \/>\t\t\t\t\t\t\t\t\t\t\t<figcaption class=\"widget-image-caption wp-caption-text\">Foyeren i Hotel Gellert<\/figcaption>\n\t\t\t\t\t\t\t\t\t\t<\/figure>\n\t\t\t\t\t\t\t\t\t<\/div>\n\t\t\t\t<\/div>\n\t\t\t\t\t<\/div>\n\t\t<\/div>\n\t\t\t\t<div class=\"elementor-column elementor-col-50 elementor-inner-column elementor-element elementor-element-1335e20\" data-id=\"1335e20\" data-element_type=\"column\" data-e-type=\"column\">\n\t\t\t<div class=\"elementor-widget-wrap elementor-element-populated\">\n\t\t\t\t\t\t<div class=\"elementor-element elementor-element-b1753e7 elementor-widget elementor-widget-image\" data-id=\"b1753e7\" data-element_type=\"widget\" data-e-type=\"widget\" data-widget_type=\"image.default\">\n\t\t\t\t<div class=\"elementor-widget-container\">\n\t\t\t\t\t\t\t\t\t\t\t\t<figure class=\"wp-caption\">\n\t\t\t\t\t\t\t\t\t\t<img loading=\"lazy\" decoding=\"async\" width=\"667\" height=\"889\" src=\"https:\/\/www.larsl.dk\/wp-content\/uploads\/2022\/12\/Hotel-Gellert.jpg\" class=\"attachment-large size-large wp-image-3725\" alt=\"\" srcset=\"https:\/\/www.larsl.dk\/wp-content\/uploads\/2022\/12\/Hotel-Gellert.jpg 667w, https:\/\/www.larsl.dk\/wp-content\/uploads\/2022\/12\/Hotel-Gellert-225x300.jpg 225w\" sizes=\"(max-width: 667px) 100vw, 667px\" \/>\t\t\t\t\t\t\t\t\t\t\t<figcaption class=\"widget-image-caption wp-caption-text\">- og det indend\u00f8rs termiske bad og sv\u00f8mmebassin<\/figcaption>\n\t\t\t\t\t\t\t\t\t\t<\/figure>\n\t\t\t\t\t\t\t\t\t<\/div>\n\t\t\t\t<\/div>\n\t\t\t\t\t<\/div>\n\t\t<\/div>\n\t\t\t\t\t<\/div>\n\t\t<\/section>\n\t\t\t\t<div class=\"elementor-element elementor-element-c75c77d elementor-widget elementor-widget-text-editor\" data-id=\"c75c77d\" data-element_type=\"widget\" data-e-type=\"widget\" data-widget_type=\"text-editor.default\">\n\t\t\t\t<div class=\"elementor-widget-container\">\n\t\t\t\t\t\t\t\t\t<p>I omr\u00e5det mellem broerne l\u00e6gger krydstogtsskibene som regel til. Ellers ligger de lidt l\u00e6ngere nedstr\u00f8ms, nedenfor det, man lidt sp\u00f8gefuldt kalder \u201dhvalen\u201d. Broerne byder p\u00e5 gode udsigtspunkter hvis man vil se byens monumenter og sev\u00e6rdigheder fra en mere overskuelig position. Men der findes en endnu bedre mulighed.<\/p><p>G\u00e6ster p\u00e5 Donaukrydstogter har et s\u00e6rligt privilegium \u2013 de f\u00e5r lejlighed til at se Budapest fra floden \u2013 og hvis man forlader byen om aftenen f\u00e5r man mulighed for at opleve Budapest by Night, fuldt illumineret og smuk som f\u00e5. Man sidder mageligt placeret p\u00e5 sold\u00e6kket i den lune sommeraften med et glas mousserende vin, wienermusikken spiller \u201dAn der sch\u00f6nen blauen Donau\u201d, det er betagende smukt og det giver et langt bedre indtryk af byen end det man f\u00e5r ved at trave hen ad den ene promenade, over broen, videre ad den anden promenade og s\u00e5 tilbage igen over floden ved den n\u00e6ste bro og s\u00e5 fremdeles.<\/p>\t\t\t\t\t\t\t\t<\/div>\n\t\t\t\t<\/div>\n\t\t\t\t\t<\/div>\n\t\t<\/div>\n\t\t\t\t\t<\/div>\n\t\t<\/section>\n\t\t\t\t<section class=\"elementor-section elementor-top-section elementor-element elementor-element-d6c966e elementor-section-boxed elementor-section-height-default elementor-section-height-default\" data-id=\"d6c966e\" data-element_type=\"section\" data-e-type=\"section\">\n\t\t\t\t\t\t<div class=\"elementor-container elementor-column-gap-default\">\n\t\t\t\t\t<div class=\"elementor-column elementor-col-100 elementor-top-column elementor-element elementor-element-3470cb5\" data-id=\"3470cb5\" data-element_type=\"column\" data-e-type=\"column\">\n\t\t\t<div class=\"elementor-widget-wrap elementor-element-populated\">\n\t\t\t\t\t\t<section class=\"elementor-section elementor-inner-section elementor-element elementor-element-eecdcba elementor-section-boxed elementor-section-height-default elementor-section-height-default\" data-id=\"eecdcba\" data-element_type=\"section\" data-e-type=\"section\">\n\t\t\t\t\t\t<div class=\"elementor-container elementor-column-gap-default\">\n\t\t\t\t\t<div class=\"elementor-column elementor-col-100 elementor-inner-column elementor-element elementor-element-075a430\" data-id=\"075a430\" data-element_type=\"column\" data-e-type=\"column\">\n\t\t\t<div class=\"elementor-widget-wrap elementor-element-populated\">\n\t\t\t\t\t\t<div class=\"elementor-element elementor-element-29d763b elementor-widget elementor-widget-image\" data-id=\"29d763b\" data-element_type=\"widget\" data-e-type=\"widget\" data-widget_type=\"image.default\">\n\t\t\t\t<div class=\"elementor-widget-container\">\n\t\t\t\t\t\t\t\t\t\t\t\t<figure class=\"wp-caption\">\n\t\t\t\t\t\t\t\t\t\t<img loading=\"lazy\" decoding=\"async\" width=\"1536\" height=\"864\" src=\"https:\/\/www.larsl.dk\/wp-content\/uploads\/2022\/12\/Kongeslottet-1536x864.jpg\" class=\"attachment-1536x1536 size-1536x1536 wp-image-3730\" alt=\"\" srcset=\"https:\/\/www.larsl.dk\/wp-content\/uploads\/2022\/12\/Kongeslottet-1536x864.jpg 1536w, https:\/\/www.larsl.dk\/wp-content\/uploads\/2022\/12\/Kongeslottet-300x169.jpg 300w, https:\/\/www.larsl.dk\/wp-content\/uploads\/2022\/12\/Kongeslottet-1024x576.jpg 1024w, https:\/\/www.larsl.dk\/wp-content\/uploads\/2022\/12\/Kongeslottet-768x432.jpg 768w, https:\/\/www.larsl.dk\/wp-content\/uploads\/2022\/12\/Kongeslottet.jpg 1919w\" sizes=\"(max-width: 1536px) 100vw, 1536px\" \/>\t\t\t\t\t\t\t\t\t\t\t<figcaption class=\"widget-image-caption wp-caption-text\">Kongeslottet - nu Ungarns Nationalgalleri<\/figcaption>\n\t\t\t\t\t\t\t\t\t\t<\/figure>\n\t\t\t\t\t\t\t\t\t<\/div>\n\t\t\t\t<\/div>\n\t\t\t\t\t<\/div>\n\t\t<\/div>\n\t\t\t\t\t<\/div>\n\t\t<\/section>\n\t\t\t\t<div class=\"elementor-element elementor-element-6023077 elementor-widget elementor-widget-text-editor\" data-id=\"6023077\" data-element_type=\"widget\" data-e-type=\"widget\" data-widget_type=\"text-editor.default\">\n\t\t\t\t<div class=\"elementor-widget-container\">\n\t\t\t\t\t\t\t\t\t<p>Men er \u201dAn der sch\u00f6nen blauen Donau\u201d ikke en wienersang? Njaeh, bop bop. Det er mere indviklet end det. Det var en ungarer ved navn Karl Isidor Beck, der skrev teksten til et digt. Verset om den sk\u00f8nne bl\u00e5 Donau er ikke engang digtets titel, men forekommer i omkv\u00e6det. Digtet handler om digterens f\u00f8deby Baja, der ligger ud til Donau ca. 160 km. syd for Budapest.<\/p><p>Strauss den yngre kendte digtet og lod sig i 1867 inspirere til en wals. Melodien fik s\u00e5 stor succes, at \u201dAn der sch\u00f6nen blauen Donau\u201d er blevet den mest ber\u00f8mte wienerwals af dem alle. Og til tonerne af den ser man sev\u00e6rdighederne passere forbi fra f\u00f8rste parket, de ligger p\u00e5 rad og r\u00e6kke p\u00e5 begge sider af floden.<\/p><p>En pudsighed: vi kommer nok ikke igennem et kalender\u00e5r uden at h\u00f8re valsen et par gange i radioen eller til nyt\u00e5rskoncert. Teksten som inspirerede Strauss? S\u00e5 skal man p\u00e5 special-antikvariat og finde et optryk af Becks samlede digte. Teksten er ikke til at finde ude p\u00e5 nettet, kun overskriften bliver citeret igen og igen. Men det er lige meget. Det vigtigste er, at man f\u00e5r lejlighed til at nyde byens sk\u00f8nhed fra flodens rolige overflade, og til det er valsen er simpelthen den ideelle underl\u00e6gningsmusik.<\/p><p>Og hvad nu med resten af sev\u00e6rdighederne? Mathiaskirken og Fiskerbastionen? Videnskabernes Akademi? Det tekniske universitet? De historiske floddampere? Eller Hvalen?<\/p><p>Desv\u00e6rre. Der var musik og mousserende vin. Jeg havde travlt med at nyde \u00f8jeblikket og fik ikke taget flere billeder.<\/p><p>M\u00e5ske n\u00e6ste gang?<\/p>\t\t\t\t\t\t\t\t<\/div>\n\t\t\t\t<\/div>\n\t\t\t\t\t<\/div>\n\t\t<\/div>\n\t\t\t\t\t<\/div>\n\t\t<\/section>\n\t\t\t\t<\/div>\n\t\t","protected":false},"excerpt":{"rendered":"<p>Budapest by Night &#8211; en fantastisk oplevelse p\u00e5 Donau Ungarns Parlament &#8211; et af verdens flotteste Budapest er en by der har puls og som samtidig byder p\u00e5 masser af \u00f8jenguf. Der er simpelthen alt det, man forventer af en tidligere hovedstad i det \u00f8strig-ungarske imperium. Mange steder er arven efter Habsburgerne selvf\u00f8lgelig tydelig at [&hellip;]<\/p>\n","protected":false},"author":1,"featured_media":3702,"comment_status":"open","ping_status":"closed","sticky":false,"template":"","format":"standard","meta":{"_eb_attr":"","footnotes":""},"categories":[102,99,101],"tags":[],"class_list":["post-3634","post","type-post","status-publish","format-standard","has-post-thumbnail","hentry","category-budapest","category-donau","category-ungarn"],"_links":{"self":[{"href":"https:\/\/www.larsl.dk\/index.php\/wp-json\/wp\/v2\/posts\/3634","targetHints":{"allow":["GET"]}}],"collection":[{"href":"https:\/\/www.larsl.dk\/index.php\/wp-json\/wp\/v2\/posts"}],"about":[{"href":"https:\/\/www.larsl.dk\/index.php\/wp-json\/wp\/v2\/types\/post"}],"author":[{"embeddable":true,"href":"https:\/\/www.larsl.dk\/index.php\/wp-json\/wp\/v2\/users\/1"}],"replies":[{"embeddable":true,"href":"https:\/\/www.larsl.dk\/index.php\/wp-json\/wp\/v2\/comments?post=3634"}],"version-history":[{"count":0,"href":"https:\/\/www.larsl.dk\/index.php\/wp-json\/wp\/v2\/posts\/3634\/revisions"}],"wp:featuredmedia":[{"embeddable":true,"href":"https:\/\/www.larsl.dk\/index.php\/wp-json\/wp\/v2\/media\/3702"}],"wp:attachment":[{"href":"https:\/\/www.larsl.dk\/index.php\/wp-json\/wp\/v2\/media?parent=3634"}],"wp:term":[{"taxonomy":"category","embeddable":true,"href":"https:\/\/www.larsl.dk\/index.php\/wp-json\/wp\/v2\/categories?post=3634"},{"taxonomy":"post_tag","embeddable":true,"href":"https:\/\/www.larsl.dk\/index.php\/wp-json\/wp\/v2\/tags?post=3634"}],"curies":[{"name":"wp","href":"https:\/\/api.w.org\/{rel}","templated":true}]}}