{"id":3844,"date":"2022-12-24T08:08:39","date_gmt":"2022-12-24T08:08:39","guid":{"rendered":"https:\/\/www.larsl.dk\/?p=3844"},"modified":"2022-12-26T15:23:28","modified_gmt":"2022-12-26T15:23:28","slug":"dresden-et-mekka-1","status":"publish","type":"post","link":"https:\/\/www.larsl.dk\/index.php\/2022\/12\/24\/dresden-et-mekka-1\/","title":{"rendered":"Dresden er et kulturhistorisk Mekka #1"},"content":{"rendered":"\t\t<div data-elementor-type=\"wp-post\" data-elementor-id=\"3844\" class=\"elementor elementor-3844\">\n\t\t\t\t\t\t<section class=\"elementor-section elementor-top-section elementor-element elementor-element-1c61acc elementor-section-boxed elementor-section-height-default elementor-section-height-default\" data-id=\"1c61acc\" data-element_type=\"section\" data-e-type=\"section\">\n\t\t\t\t\t\t<div class=\"elementor-container elementor-column-gap-default\">\n\t\t\t\t\t<div class=\"elementor-column elementor-col-100 elementor-top-column elementor-element elementor-element-0a973b8\" data-id=\"0a973b8\" data-element_type=\"column\" data-e-type=\"column\">\n\t\t\t<div class=\"elementor-widget-wrap elementor-element-populated\">\n\t\t\t\t\t\t<div class=\"elementor-element elementor-element-7c191e8 elementor-widget elementor-widget-image\" data-id=\"7c191e8\" data-element_type=\"widget\" data-e-type=\"widget\" data-widget_type=\"image.default\">\n\t\t\t\t<div class=\"elementor-widget-container\">\n\t\t\t\t\t\t\t\t\t\t\t\t<figure class=\"wp-caption\">\n\t\t\t\t\t\t\t\t\t\t<img fetchpriority=\"high\" decoding=\"async\" width=\"1920\" height=\"959\" src=\"https:\/\/www.larsl.dk\/wp-content\/uploads\/2022\/12\/Dresden-canalettoblick-gp.jpg\" class=\"attachment-full size-full wp-image-3848\" alt=\"Byens profil er smuk og l\u00e6gger op til at fort\u00e6llle historie\" srcset=\"https:\/\/www.larsl.dk\/wp-content\/uploads\/2022\/12\/Dresden-canalettoblick-gp.jpg 1920w, https:\/\/www.larsl.dk\/wp-content\/uploads\/2022\/12\/Dresden-canalettoblick-gp-300x150.jpg 300w, https:\/\/www.larsl.dk\/wp-content\/uploads\/2022\/12\/Dresden-canalettoblick-gp-1024x511.jpg 1024w, https:\/\/www.larsl.dk\/wp-content\/uploads\/2022\/12\/Dresden-canalettoblick-gp-768x384.jpg 768w, https:\/\/www.larsl.dk\/wp-content\/uploads\/2022\/12\/Dresden-canalettoblick-gp-1536x767.jpg 1536w\" sizes=\"(max-width: 1920px) 100vw, 1920px\" \/>\t\t\t\t\t\t\t\t\t\t\t<figcaption class=\"widget-image-caption wp-caption-text\">Canalettoblikket p\u00e5 Dresden. Credit: Kolossos, Dresden-canalettoblick-gp, Cropped by Larsl, CC BY-SA 3.0<\/figcaption>\n\t\t\t\t\t\t\t\t\t\t<\/figure>\n\t\t\t\t\t\t\t\t\t<\/div>\n\t\t\t\t<\/div>\n\t\t\t\t\t<\/div>\n\t\t<\/div>\n\t\t\t\t\t<\/div>\n\t\t<\/section>\n\t\t\t\t<section class=\"elementor-section elementor-top-section elementor-element elementor-element-a6d5ced elementor-section-boxed elementor-section-height-default elementor-section-height-default\" data-id=\"a6d5ced\" data-element_type=\"section\" data-e-type=\"section\">\n\t\t\t\t\t\t<div class=\"elementor-container elementor-column-gap-default\">\n\t\t\t\t\t<div class=\"elementor-column elementor-col-100 elementor-top-column elementor-element elementor-element-30248ec\" data-id=\"30248ec\" data-element_type=\"column\" data-e-type=\"column\">\n\t\t\t<div class=\"elementor-widget-wrap elementor-element-populated\">\n\t\t\t\t\t\t<div class=\"elementor-element elementor-element-6896af9 elementor-widget elementor-widget-heading\" data-id=\"6896af9\" data-element_type=\"widget\" data-e-type=\"widget\" data-widget_type=\"heading.default\">\n\t\t\t\t<div class=\"elementor-widget-container\">\n\t\t\t\t\t<h2 class=\"elementor-heading-title elementor-size-default\">Dresden er et kulturhistorisk Mekka #1<\/h2>\t\t\t\t<\/div>\n\t\t\t\t<\/div>\n\t\t\t\t<div class=\"elementor-element elementor-element-5882bf8 elementor-widget elementor-widget-heading\" data-id=\"5882bf8\" data-element_type=\"widget\" data-e-type=\"widget\" data-widget_type=\"heading.default\">\n\t\t\t\t<div class=\"elementor-widget-container\">\n\t\t\t\t\t<h3 class=\"elementor-heading-title elementor-size-default\">Her n\u00f8rder jeg lidt om guld og \u00e6dle stene<\/h3>\t\t\t\t<\/div>\n\t\t\t\t<\/div>\n\t\t\t\t<div class=\"elementor-element elementor-element-6e3a9ea elementor-widget elementor-widget-text-editor\" data-id=\"6e3a9ea\" data-element_type=\"widget\" data-e-type=\"widget\" data-widget_type=\"text-editor.default\">\n\t\t\t\t<div class=\"elementor-widget-container\">\n\t\t\t\t\t\t\t\t\t<p>Elbflorenz kaldtes byen ogs\u00e5 &#8211; og grunden er, at Dresden i en kort periode lige f\u00f8r og et par \u00e5rtier efter \u00e5r 1700 var et europ\u00e6isk kraftcenter for kultur, luksus og enev\u00e6ldig pragtudfoldelse. Der blev bygget pr\u00e6gtige pal\u00e6er, der blev fremstillet fantastisk kunst og kunsth\u00e5ndv\u00e6rk. En kort overgang var fystend\u00f8mmet Sachsen nemlig ved at stige op i den europ\u00e6iske superliga. Deroppe hvor man n\u00e6sten kunne matche Frankrig, England eller Habsburgerne. Det lykkedes ikke. Men vil man vide noget om fyrstelig pragt er Dresden et f\u00f8rsteklasses rejsem\u00e5l.<\/p><p>M\u00e6ngden af pragtbyggerier fra perioden viser, at det ikke kun var tomme fantasier. Sachsen var i forvejen et temmelig velhavende omr\u00e5de som var f\u00f8rende i sin region &#8211; og i dag arbejdes der ih\u00e6rdigt p\u00e5 at Sachsen skal blive det igen. Og med nogen succes, ogs\u00e5 selv om der er udfordringer.<\/p><p>Stiller man sig p\u00e5 venstre flodbred, et par hundrede meter opstr\u00f8ms fra Augustusbroen og s\u00e5dan ca. overfor den verdensber\u00f8mte Semper opera, s\u00e5 kan man stadig genkende byens profil fra Canalettoblikket. Sort snak? Ikke l\u00e6nge, forklaring f\u00f8lger fluks.<\/p><p>f\u00f8rsteklasses<\/p>\t\t\t\t\t\t\t\t<\/div>\n\t\t\t\t<\/div>\n\t\t\t\t\t<\/div>\n\t\t<\/div>\n\t\t\t\t\t<\/div>\n\t\t<\/section>\n\t\t\t\t<section class=\"elementor-section elementor-top-section elementor-element elementor-element-9acec83 elementor-section-boxed elementor-section-height-default elementor-section-height-default\" data-id=\"9acec83\" data-element_type=\"section\" data-e-type=\"section\">\n\t\t\t\t\t\t<div class=\"elementor-container elementor-column-gap-default\">\n\t\t\t\t\t<div class=\"elementor-column elementor-col-100 elementor-top-column elementor-element elementor-element-922e4f9\" data-id=\"922e4f9\" data-element_type=\"column\" data-e-type=\"column\">\n\t\t\t<div class=\"elementor-widget-wrap elementor-element-populated\">\n\t\t\t\t\t\t<div class=\"elementor-element elementor-element-15f2969 elementor-widget elementor-widget-heading\" data-id=\"15f2969\" data-element_type=\"widget\" data-e-type=\"widget\" data-widget_type=\"heading.default\">\n\t\t\t\t<div class=\"elementor-widget-container\">\n\t\t\t\t\t<h2 class=\"elementor-heading-title elementor-size-default\">Det gamle og det nye Canalettoblik<\/h2>\t\t\t\t<\/div>\n\t\t\t\t<\/div>\n\t\t\t\t\t<\/div>\n\t\t<\/div>\n\t\t\t\t\t<\/div>\n\t\t<\/section>\n\t\t\t\t<section class=\"elementor-section elementor-top-section elementor-element elementor-element-c32cc52 elementor-section-boxed elementor-section-height-default elementor-section-height-default\" data-id=\"c32cc52\" data-element_type=\"section\" data-e-type=\"section\">\n\t\t\t\t\t\t<div class=\"elementor-container elementor-column-gap-default\">\n\t\t\t\t\t<div class=\"elementor-column elementor-col-100 elementor-top-column elementor-element elementor-element-2f12418\" data-id=\"2f12418\" data-element_type=\"column\" data-e-type=\"column\">\n\t\t\t<div class=\"elementor-widget-wrap elementor-element-populated\">\n\t\t\t\t\t\t<div class=\"elementor-element elementor-element-1328cdd elementor-widget elementor-widget-text-editor\" data-id=\"1328cdd\" data-element_type=\"widget\" data-e-type=\"widget\" data-widget_type=\"text-editor.default\">\n\t\t\t\t<div class=\"elementor-widget-container\">\n\t\t\t\t\t\t\t\t\t<p>Her er nemlig billedet, som den meget anerkendte venetianske maler Bernardo Bellotto (kunstnernavn: Canaletto) malede kort f\u00f8r 1750. Der er stilladser omkring hofkirkens t\u00e5rn. Canalettos billede er malet kort f\u00f8r 1750 og 275 \u00e5r senere er byens profil klart genkendelig. I dag st\u00e5r der byggekraner &#8211; der er stadig meget, der tr\u00e6nger til at udbedres.<\/p>\t\t\t\t\t\t\t\t<\/div>\n\t\t\t\t<\/div>\n\t\t\t\t\t<\/div>\n\t\t<\/div>\n\t\t\t\t\t<\/div>\n\t\t<\/section>\n\t\t\t\t<section class=\"elementor-section elementor-top-section elementor-element elementor-element-2e83c3a elementor-section-boxed elementor-section-height-default elementor-section-height-default\" data-id=\"2e83c3a\" data-element_type=\"section\" data-e-type=\"section\">\n\t\t\t\t\t\t<div class=\"elementor-container elementor-column-gap-default\">\n\t\t\t\t\t<div class=\"elementor-column elementor-col-100 elementor-top-column elementor-element elementor-element-cad6370\" data-id=\"cad6370\" data-element_type=\"column\" data-e-type=\"column\">\n\t\t\t<div class=\"elementor-widget-wrap elementor-element-populated\">\n\t\t\t\t\t\t<div class=\"elementor-element elementor-element-feae9c9 elementor-widget elementor-widget-image\" data-id=\"feae9c9\" data-element_type=\"widget\" data-e-type=\"widget\" data-widget_type=\"image.default\">\n\t\t\t\t<div class=\"elementor-widget-container\">\n\t\t\t\t\t\t\t\t\t\t\t\t<figure class=\"wp-caption\">\n\t\t\t\t\t\t\t\t\t\t<img decoding=\"async\" width=\"1280\" height=\"723\" src=\"https:\/\/www.larsl.dk\/wp-content\/uploads\/2022\/12\/1280px-Canaletto_-_Dresden_seen_from_the_Right_Bank_of_the_Elbe_beneath_the_Augusts_Bridge_-_Google_Art_Project.jpg\" class=\"attachment-full size-full wp-image-3851\" alt=\"\" srcset=\"https:\/\/www.larsl.dk\/wp-content\/uploads\/2022\/12\/1280px-Canaletto_-_Dresden_seen_from_the_Right_Bank_of_the_Elbe_beneath_the_Augusts_Bridge_-_Google_Art_Project.jpg 1280w, https:\/\/www.larsl.dk\/wp-content\/uploads\/2022\/12\/1280px-Canaletto_-_Dresden_seen_from_the_Right_Bank_of_the_Elbe_beneath_the_Augusts_Bridge_-_Google_Art_Project-300x169.jpg 300w, https:\/\/www.larsl.dk\/wp-content\/uploads\/2022\/12\/1280px-Canaletto_-_Dresden_seen_from_the_Right_Bank_of_the_Elbe_beneath_the_Augusts_Bridge_-_Google_Art_Project-1024x578.jpg 1024w, https:\/\/www.larsl.dk\/wp-content\/uploads\/2022\/12\/1280px-Canaletto_-_Dresden_seen_from_the_Right_Bank_of_the_Elbe_beneath_the_Augusts_Bridge_-_Google_Art_Project-768x434.jpg 768w\" sizes=\"(max-width: 1280px) 100vw, 1280px\" \/>\t\t\t\t\t\t\t\t\t\t\t<figcaption class=\"widget-image-caption wp-caption-text\">Bernardo Bellotto: Dresden. 1748<\/figcaption>\n\t\t\t\t\t\t\t\t\t\t<\/figure>\n\t\t\t\t\t\t\t\t\t<\/div>\n\t\t\t\t<\/div>\n\t\t\t\t\t<\/div>\n\t\t<\/div>\n\t\t\t\t\t<\/div>\n\t\t<\/section>\n\t\t\t\t<section class=\"elementor-section elementor-top-section elementor-element elementor-element-3824410 elementor-section-boxed elementor-section-height-default elementor-section-height-default\" data-id=\"3824410\" data-element_type=\"section\" data-e-type=\"section\">\n\t\t\t\t\t\t<div class=\"elementor-container elementor-column-gap-default\">\n\t\t\t\t\t<div class=\"elementor-column elementor-col-100 elementor-top-column elementor-element elementor-element-b65b4ec\" data-id=\"b65b4ec\" data-element_type=\"column\" data-e-type=\"column\">\n\t\t\t<div class=\"elementor-widget-wrap elementor-element-populated\">\n\t\t\t\t\t\t<div class=\"elementor-element elementor-element-e076877 elementor-widget elementor-widget-text-editor\" data-id=\"e076877\" data-element_type=\"widget\" data-e-type=\"widget\" data-widget_type=\"text-editor.default\">\n\t\t\t\t<div class=\"elementor-widget-container\">\n\t\t\t\t\t\t\t\t\t<p>Dresden ligger i det syd\u00f8stlige Tyskland, sm\u00e5 200 km. syd for Berlin. Byen har rejst sig igen efter det \u00f8del\u00e6ggende bombardement af centrum i slutningen af anden verdenskrig, efterfulgt af sm\u00e5 50 \u00e5rs kommunistisk administration og misadministration. For den kulturhistorisk interesserede er Dresden simpelthen en et slaraffenland. Her vil jeg blot fremh\u00e6ve to omr\u00e5der, hvor Dresden h\u00e6vede sig op i perioden mellem 1700 og 1750. Det drejer sig om guldsmedekunsten og porcell\u00e6net. Her i stykke 1 handler det om guldsmedekunsten. S\u00e5, nu n\u00f8rder jeg derudaf.<\/p>\t\t\t\t\t\t\t\t<\/div>\n\t\t\t\t<\/div>\n\t\t\t\t\t<\/div>\n\t\t<\/div>\n\t\t\t\t\t<\/div>\n\t\t<\/section>\n\t\t\t\t<section class=\"elementor-section elementor-top-section elementor-element elementor-element-a0ff17d elementor-section-boxed elementor-section-height-default elementor-section-height-default\" data-id=\"a0ff17d\" data-element_type=\"section\" data-e-type=\"section\">\n\t\t\t\t\t\t<div class=\"elementor-container elementor-column-gap-default\">\n\t\t\t\t\t<div class=\"elementor-column elementor-col-100 elementor-top-column elementor-element elementor-element-44d4762\" data-id=\"44d4762\" data-element_type=\"column\" data-e-type=\"column\">\n\t\t\t<div class=\"elementor-widget-wrap elementor-element-populated\">\n\t\t\t\t\t\t<section class=\"elementor-section elementor-inner-section elementor-element elementor-element-416b59b elementor-section-boxed elementor-section-height-default elementor-section-height-default\" data-id=\"416b59b\" data-element_type=\"section\" data-e-type=\"section\">\n\t\t\t\t\t\t<div class=\"elementor-container elementor-column-gap-default\">\n\t\t\t\t\t<div class=\"elementor-column elementor-col-100 elementor-inner-column elementor-element elementor-element-2b95a6f\" data-id=\"2b95a6f\" data-element_type=\"column\" data-e-type=\"column\" data-settings=\"{&quot;background_background&quot;:&quot;classic&quot;}\">\n\t\t\t<div class=\"elementor-widget-wrap elementor-element-populated\">\n\t\t\t\t\t\t<div class=\"elementor-element elementor-element-c4b94f8 elementor-widget elementor-widget-heading\" data-id=\"c4b94f8\" data-element_type=\"widget\" data-e-type=\"widget\" data-widget_type=\"heading.default\">\n\t\t\t\t<div class=\"elementor-widget-container\">\n\t\t\t\t\t<h3 class=\"elementor-heading-title elementor-size-default\">Faktaboks: Sachsen og Dresden<\/h3>\t\t\t\t<\/div>\n\t\t\t\t<\/div>\n\t\t\t\t<div class=\"elementor-element elementor-element-f10494d elementor-widget elementor-widget-text-editor\" data-id=\"f10494d\" data-element_type=\"widget\" data-e-type=\"widget\" data-widget_type=\"text-editor.default\">\n\t\t\t\t<div class=\"elementor-widget-container\">\n\t\t\t\t\t\t\t\t\t<p>Areal: Sachsen er i dag p\u00e5 18.450 km2 og det er forholdsvid lidt &#8211; men det er kun et billede af situationen i dag. Landet har historisk set (ligesom Danmark) b\u00e5de v\u00e6ret st\u00f8rre og mindre.<\/p><p>Befolkningstal: 4.043.000 &#8211; siden firserne har der v\u00e6ret svagt faldende befolkningstal.<\/p><p>St\u00f8rste byer: Dresden (hovedstad) lidt over 560.000, Chemnitz lidt over 245.000 og Leipzig godt 605.000 og stigende<\/p><p>Erhverv: Under socialismen var Sachsen et sort industriomr\u00e5de, men efter genforeningen er der sket en st\u00e6rk struktur\u00e6ndring. Minedriften efter brunkul er stoppet helt. I store tr\u00e6k har Sachsen &#8211; modsat de fleste andre gamle DDR delstater &#8211; stort set kunne udligne det \u00f8konomiske eftersl\u00e6b i forhold til det vestlige Tyskland. Blandt andet indenfor IKT og halvlederteknologien st\u00e5r man st\u00e6rkt.<\/p>\t\t\t\t\t\t\t\t<\/div>\n\t\t\t\t<\/div>\n\t\t\t\t\t<\/div>\n\t\t<\/div>\n\t\t\t\t\t<\/div>\n\t\t<\/section>\n\t\t\t\t\t<\/div>\n\t\t<\/div>\n\t\t\t\t\t<\/div>\n\t\t<\/section>\n\t\t\t\t<section class=\"elementor-section elementor-top-section elementor-element elementor-element-251a154 elementor-section-boxed elementor-section-height-default elementor-section-height-default\" data-id=\"251a154\" data-element_type=\"section\" data-e-type=\"section\">\n\t\t\t\t\t\t<div class=\"elementor-container elementor-column-gap-default\">\n\t\t\t\t\t<div class=\"elementor-column elementor-col-100 elementor-top-column elementor-element elementor-element-46449dc\" data-id=\"46449dc\" data-element_type=\"column\" data-e-type=\"column\">\n\t\t\t<div class=\"elementor-widget-wrap elementor-element-populated\">\n\t\t\t\t\t\t<div class=\"elementor-element elementor-element-5f8695a elementor-widget elementor-widget-heading\" data-id=\"5f8695a\" data-element_type=\"widget\" data-e-type=\"widget\" data-widget_type=\"heading.default\">\n\t\t\t\t<div class=\"elementor-widget-container\">\n\t\t\t\t\t<h2 class=\"elementor-heading-title elementor-size-default\">Guldsmedekunsten i Dresden<\/h2>\t\t\t\t<\/div>\n\t\t\t\t<\/div>\n\t\t\t\t\t<\/div>\n\t\t<\/div>\n\t\t\t\t\t<\/div>\n\t\t<\/section>\n\t\t\t\t<section class=\"elementor-section elementor-top-section elementor-element elementor-element-c759374 elementor-section-boxed elementor-section-height-default elementor-section-height-default\" data-id=\"c759374\" data-element_type=\"section\" data-e-type=\"section\">\n\t\t\t\t\t\t<div class=\"elementor-container elementor-column-gap-default\">\n\t\t\t\t\t<div class=\"elementor-column elementor-col-100 elementor-top-column elementor-element elementor-element-f472b23\" data-id=\"f472b23\" data-element_type=\"column\" data-e-type=\"column\">\n\t\t\t<div class=\"elementor-widget-wrap elementor-element-populated\">\n\t\t\t\t\t\t<div class=\"elementor-element elementor-element-3826adf elementor-widget elementor-widget-text-editor\" data-id=\"3826adf\" data-element_type=\"widget\" data-e-type=\"widget\" data-widget_type=\"text-editor.default\">\n\t\t\t\t<div class=\"elementor-widget-container\">\n\t\t\t\t\t\t\t\t\t<p>Sachsens f\u00f8rende kunstner indenfor guld og juveler hed Johan Melchior Dinglinger. Sammen med sine s\u00f8nner var han den f\u00f8rende hofleverand\u00f8r i denne periode n\u00e5r det gjaldt guld, juveler, \u00e6delmetaller og de genstande der kunne laves af dem. Hans mest kendte v\u00e6rk hedder Hofstaat zu Delhi am Geburtstag des Gro\u00dfmoguls Aureng-Zeb. Det er et tableau med 132 forgyldte og emaillerede figurer og forestiller en f\u00f8dselsdagsfejring hjemme hos Stormogulen i Indien. Det er et af verdens kostbareste guldsmedearbejder.<\/p><p>Det er ogs\u00e5 et vidne om tidens fascination af kineserier og det fjerne \u00f8sten. Dinglinger m\u00e5tte digte sig til hvordan s\u00e5dan noget kunne se ud og hente inspiration fra rejsebeskrivelser og nogle f\u00e5 bogillustrationer. <\/p><p>Aureng-Zeb er en virkelig person, han herskede i mogulriget i de nordlige Indien i overgangen fra 1600 til 1700. Det er forresten hans mor Mumtaz Mahal der ligger begravet i det ber\u00f8mte Taj Mahal i Indien &#8211; og han selv d\u00f8de i 1707. Men det er et sidespor.<\/p>\t\t\t\t\t\t\t\t<\/div>\n\t\t\t\t<\/div>\n\t\t\t\t\t<\/div>\n\t\t<\/div>\n\t\t\t\t\t<\/div>\n\t\t<\/section>\n\t\t\t\t<section class=\"elementor-section elementor-top-section elementor-element elementor-element-309771a elementor-section-boxed elementor-section-height-default elementor-section-height-default\" data-id=\"309771a\" data-element_type=\"section\" data-e-type=\"section\">\n\t\t\t\t\t\t<div class=\"elementor-container elementor-column-gap-default\">\n\t\t\t\t\t<div class=\"elementor-column elementor-col-100 elementor-top-column elementor-element elementor-element-c1987e2\" data-id=\"c1987e2\" data-element_type=\"column\" data-e-type=\"column\">\n\t\t\t<div class=\"elementor-widget-wrap elementor-element-populated\">\n\t\t\t\t\t\t<div class=\"elementor-element elementor-element-736a2a4 elementor-widget elementor-widget-image\" data-id=\"736a2a4\" data-element_type=\"widget\" data-e-type=\"widget\" data-widget_type=\"image.default\">\n\t\t\t\t<div class=\"elementor-widget-container\">\n\t\t\t\t\t\t\t\t\t\t\t\t<figure class=\"wp-caption\">\n\t\t\t\t\t\t\t\t\t\t<img decoding=\"async\" width=\"1920\" height=\"1281\" src=\"https:\/\/www.larsl.dk\/wp-content\/uploads\/2022\/12\/Der_Thron_des_Grosmogul.jpg\" class=\"attachment-full size-full wp-image-3847\" alt=\"\" srcset=\"https:\/\/www.larsl.dk\/wp-content\/uploads\/2022\/12\/Der_Thron_des_Grosmogul.jpg 1920w, https:\/\/www.larsl.dk\/wp-content\/uploads\/2022\/12\/Der_Thron_des_Grosmogul-300x200.jpg 300w, https:\/\/www.larsl.dk\/wp-content\/uploads\/2022\/12\/Der_Thron_des_Grosmogul-1024x683.jpg 1024w, https:\/\/www.larsl.dk\/wp-content\/uploads\/2022\/12\/Der_Thron_des_Grosmogul-768x512.jpg 768w, https:\/\/www.larsl.dk\/wp-content\/uploads\/2022\/12\/Der_Thron_des_Grosmogul-1536x1025.jpg 1536w\" sizes=\"(max-width: 1920px) 100vw, 1920px\" \/>\t\t\t\t\t\t\t\t\t\t\t<figcaption class=\"widget-image-caption wp-caption-text\">Tableauet med Aureng-Zebs f\u00f8dselsdag. Credit: Andraszy, Der Thron des Gro\u00dfmogul, cropped by Lars, CC BY-SA 4.0<\/figcaption>\n\t\t\t\t\t\t\t\t\t\t<\/figure>\n\t\t\t\t\t\t\t\t\t<\/div>\n\t\t\t\t<\/div>\n\t\t\t\t\t<\/div>\n\t\t<\/div>\n\t\t\t\t\t<\/div>\n\t\t<\/section>\n\t\t\t\t<section class=\"elementor-section elementor-top-section elementor-element elementor-element-4aa35c2 elementor-section-boxed elementor-section-height-default elementor-section-height-default\" data-id=\"4aa35c2\" data-element_type=\"section\" data-e-type=\"section\">\n\t\t\t\t\t\t<div class=\"elementor-container elementor-column-gap-default\">\n\t\t\t\t\t<div class=\"elementor-column elementor-col-100 elementor-top-column elementor-element elementor-element-3961352\" data-id=\"3961352\" data-element_type=\"column\" data-e-type=\"column\">\n\t\t\t<div class=\"elementor-widget-wrap elementor-element-populated\">\n\t\t\t\t\t\t<div class=\"elementor-element elementor-element-102106d elementor-widget elementor-widget-text-editor\" data-id=\"102106d\" data-element_type=\"widget\" data-e-type=\"widget\" data-widget_type=\"text-editor.default\">\n\t\t\t\t<div class=\"elementor-widget-container\">\n\t\t\t\t\t\t\t\t\t<p>Dette v\u00e6rk kan beses i det ber\u00f8mte museum \u201cNeues gr\u00fcnes Gew\u00f6lbe\u201d hvor det er relativt let at f\u00e5 billetter, men ikke altid muligt samme dag, specielt for st\u00f8rre grupper.\u00a0<\/p><p>Dinglinger og hans familie og hj\u00e6lpere arbejdede i ca. 8 \u00e5r p\u00e5 at fremstille tableauet som stod f\u00e6rdig i 1708. Under fremstillingen medgik der 5223 diamanter (ja, du l\u00e6ste rigtigt), 189 rubiner, 175 smaragder, 53 perler og 1 safir &#8211; foruden en m\u00e6ngde guld og s\u00f8lv. Jeg har ikke kunnet finde oplysninger om hvor meget der er g\u00e5et med. Og her er der et billedudsnit s\u00e5 man kan se hvad de s\u00e5dan har g\u00e5et og nulret med i 6-8 \u00e5r f\u00f8r de blev f\u00e6rdige.<\/p>\t\t\t\t\t\t\t\t<\/div>\n\t\t\t\t<\/div>\n\t\t\t\t\t<\/div>\n\t\t<\/div>\n\t\t\t\t\t<\/div>\n\t\t<\/section>\n\t\t\t\t<section class=\"elementor-section elementor-top-section elementor-element elementor-element-af421e1 elementor-section-boxed elementor-section-height-default elementor-section-height-default\" data-id=\"af421e1\" data-element_type=\"section\" data-e-type=\"section\">\n\t\t\t\t\t\t<div class=\"elementor-container elementor-column-gap-default\">\n\t\t\t\t\t<div class=\"elementor-column elementor-col-100 elementor-top-column elementor-element elementor-element-35e1d9a\" data-id=\"35e1d9a\" data-element_type=\"column\" data-e-type=\"column\">\n\t\t\t<div class=\"elementor-widget-wrap elementor-element-populated\">\n\t\t\t\t\t\t<div class=\"elementor-element elementor-element-7221a2d elementor-widget elementor-widget-image\" data-id=\"7221a2d\" data-element_type=\"widget\" data-e-type=\"widget\" data-widget_type=\"image.default\">\n\t\t\t\t<div class=\"elementor-widget-container\">\n\t\t\t\t\t\t\t\t\t\t\t\t\t\t\t<img loading=\"lazy\" decoding=\"async\" width=\"1980\" height=\"1080\" src=\"https:\/\/www.larsl.dk\/wp-content\/uploads\/2022\/12\/Neues_Grunes_Gewolbe_-_Hofstaat_zu_Delhi_am_Geburtstag_des_Grosmoguls_2.jpg\" class=\"attachment-full size-full wp-image-3863\" alt=\"\" srcset=\"https:\/\/www.larsl.dk\/wp-content\/uploads\/2022\/12\/Neues_Grunes_Gewolbe_-_Hofstaat_zu_Delhi_am_Geburtstag_des_Grosmoguls_2.jpg 1980w, https:\/\/www.larsl.dk\/wp-content\/uploads\/2022\/12\/Neues_Grunes_Gewolbe_-_Hofstaat_zu_Delhi_am_Geburtstag_des_Grosmoguls_2-300x164.jpg 300w, https:\/\/www.larsl.dk\/wp-content\/uploads\/2022\/12\/Neues_Grunes_Gewolbe_-_Hofstaat_zu_Delhi_am_Geburtstag_des_Grosmoguls_2-1024x559.jpg 1024w, https:\/\/www.larsl.dk\/wp-content\/uploads\/2022\/12\/Neues_Grunes_Gewolbe_-_Hofstaat_zu_Delhi_am_Geburtstag_des_Grosmoguls_2-768x419.jpg 768w, https:\/\/www.larsl.dk\/wp-content\/uploads\/2022\/12\/Neues_Grunes_Gewolbe_-_Hofstaat_zu_Delhi_am_Geburtstag_des_Grosmoguls_2-1536x838.jpg 1536w\" sizes=\"(max-width: 1980px) 100vw, 1980px\" \/>\t\t\t\t\t\t\t\t\t\t\t\t\t\t\t<\/div>\n\t\t\t\t<\/div>\n\t\t\t\t\t<\/div>\n\t\t<\/div>\n\t\t\t\t\t<\/div>\n\t\t<\/section>\n\t\t\t\t<section class=\"elementor-section elementor-top-section elementor-element elementor-element-9750c92 elementor-section-boxed elementor-section-height-default elementor-section-height-default\" data-id=\"9750c92\" data-element_type=\"section\" data-e-type=\"section\">\n\t\t\t\t\t\t<div class=\"elementor-container elementor-column-gap-default\">\n\t\t\t\t\t<div class=\"elementor-column elementor-col-100 elementor-top-column elementor-element elementor-element-85b27f6\" data-id=\"85b27f6\" data-element_type=\"column\" data-e-type=\"column\">\n\t\t\t<div class=\"elementor-widget-wrap elementor-element-populated\">\n\t\t\t\t\t\t<div class=\"elementor-element elementor-element-77796e7 elementor-widget elementor-widget-heading\" data-id=\"77796e7\" data-element_type=\"widget\" data-e-type=\"widget\" data-widget_type=\"heading.default\">\n\t\t\t\t<div class=\"elementor-widget-container\">\n\t\t\t\t\t<h2 class=\"elementor-heading-title elementor-size-default\">Kongelige kaffekopper skal ogs\u00e5 iscenes\u00e6ttes<\/h2>\t\t\t\t<\/div>\n\t\t\t\t<\/div>\n\t\t\t\t<div class=\"elementor-element elementor-element-6db0ff3 elementor-widget elementor-widget-text-editor\" data-id=\"6db0ff3\" data-element_type=\"widget\" data-e-type=\"widget\" data-widget_type=\"text-editor.default\">\n\t\t\t\t<div class=\"elementor-widget-container\">\n\t\t\t\t\t\t\t\t\t<p>Dinglinger lavede mange andre ting, for eksempel en temmelig voldsom opsats til at stille et kaffestel p\u00e5. Dresden er stedet, hvor porcel\u00e6net blev opfundet eller opdaget netop i disse \u00e5r, og i starten gjaldt porcel\u00e6net som noget v\u00e6ldig fint og eksotisk, som den vildeste luksusartikel, n\u00e6rmest at betragte som det hvide guld. Og fyrsten samlede p\u00e5 porcell\u00e6n &#8211; og kaffestel. Det skulle stilles frem og beundres af hustes g\u00e6ster.<\/p><p>Der kunne v\u00e6re brug for en opsats. Den skulle imponere. Dinglinger m\u00e5tte i gang med at lave en anordning. Ikke bare en hvilken som helst anordning. En kongelig anordning. Nedenfor ses resultatet:<\/p>\t\t\t\t\t\t\t\t<\/div>\n\t\t\t\t<\/div>\n\t\t\t\t\t<\/div>\n\t\t<\/div>\n\t\t\t\t\t<\/div>\n\t\t<\/section>\n\t\t\t\t<section class=\"elementor-section elementor-top-section elementor-element elementor-element-f34abe5 elementor-section-boxed elementor-section-height-default elementor-section-height-default\" data-id=\"f34abe5\" data-element_type=\"section\" data-e-type=\"section\">\n\t\t\t\t\t\t<div class=\"elementor-container elementor-column-gap-default\">\n\t\t\t\t\t<div class=\"elementor-column elementor-col-100 elementor-top-column elementor-element elementor-element-1bf9116\" data-id=\"1bf9116\" data-element_type=\"column\" data-e-type=\"column\">\n\t\t\t<div class=\"elementor-widget-wrap elementor-element-populated\">\n\t\t\t\t\t\t<div class=\"elementor-element elementor-element-8907904 elementor-widget elementor-widget-image\" data-id=\"8907904\" data-element_type=\"widget\" data-e-type=\"widget\" data-widget_type=\"image.default\">\n\t\t\t\t<div class=\"elementor-widget-container\">\n\t\t\t\t\t\t\t\t\t\t\t\t<figure class=\"wp-caption\">\n\t\t\t\t\t\t\t\t\t\t<img loading=\"lazy\" decoding=\"async\" width=\"2048\" height=\"1270\" src=\"https:\/\/www.larsl.dk\/wp-content\/uploads\/2022\/12\/2048px-Pretiosen_Coffe_Zeug01b.jpg\" class=\"attachment-full size-full wp-image-3846\" alt=\"\" srcset=\"https:\/\/www.larsl.dk\/wp-content\/uploads\/2022\/12\/2048px-Pretiosen_Coffe_Zeug01b.jpg 2048w, https:\/\/www.larsl.dk\/wp-content\/uploads\/2022\/12\/2048px-Pretiosen_Coffe_Zeug01b-300x186.jpg 300w, https:\/\/www.larsl.dk\/wp-content\/uploads\/2022\/12\/2048px-Pretiosen_Coffe_Zeug01b-1024x635.jpg 1024w, https:\/\/www.larsl.dk\/wp-content\/uploads\/2022\/12\/2048px-Pretiosen_Coffe_Zeug01b-768x476.jpg 768w, https:\/\/www.larsl.dk\/wp-content\/uploads\/2022\/12\/2048px-Pretiosen_Coffe_Zeug01b-1536x953.jpg 1536w\" sizes=\"(max-width: 2048px) 100vw, 2048px\" \/>\t\t\t\t\t\t\t\t\t\t\t<figcaption class=\"widget-image-caption wp-caption-text\">Credit: Hajotthu 19:29, 9. Sep. 2009 (CEST), Pretiosen Coffe Zeug01b, CC BY-SA 3.0 DE<\/figcaption>\n\t\t\t\t\t\t\t\t\t\t<\/figure>\n\t\t\t\t\t\t\t\t\t<\/div>\n\t\t\t\t<\/div>\n\t\t\t\t\t<\/div>\n\t\t<\/div>\n\t\t\t\t\t<\/div>\n\t\t<\/section>\n\t\t\t\t<section class=\"elementor-section elementor-top-section elementor-element elementor-element-c2b5205 elementor-section-boxed elementor-section-height-default elementor-section-height-default\" data-id=\"c2b5205\" data-element_type=\"section\" data-e-type=\"section\">\n\t\t\t\t\t\t<div class=\"elementor-container elementor-column-gap-default\">\n\t\t\t\t\t<div class=\"elementor-column elementor-col-100 elementor-top-column elementor-element elementor-element-796f2a8\" data-id=\"796f2a8\" data-element_type=\"column\" data-e-type=\"column\">\n\t\t\t<div class=\"elementor-widget-wrap elementor-element-populated\">\n\t\t\t\t\t\t<div class=\"elementor-element elementor-element-c9dd637 elementor-widget elementor-widget-text-editor\" data-id=\"c9dd637\" data-element_type=\"widget\" data-e-type=\"widget\" data-widget_type=\"text-editor.default\">\n\t\t\t\t<div class=\"elementor-widget-container\">\n\t\t\t\t\t\t\t\t\t<p>Det ligger lige for at undre sig over ideen i s\u00e5dan et spektakel. Hvad skal det g\u00f8re godt for med s\u00e5dan noget? Og svaret er: det her er fra tiden inden IKEA blev mainstream og skal illustrere klasseforskellen mellem en hjulbenet skr\u00e6dder og den absolutte monark af Guds n\u00e5de. Monarken har r\u00e5d til s\u00e5dan noget upraktisk og grotesk unyttigt tingeltangel, og han har folk til at st\u00f8ve det af og beh\u00f8ver ikke at sp\u00f8rge hvad dimsen koster. Hvis du overhovedet kan f\u00e5 ideen, at \u201cso ein Ding m\u00fcssen wir auch haben\u201d s\u00e5 er den ikke dyr nok. Frem med nogle flere diamanter, prisen skal op!<\/p><p>Det skal selvf\u00f8lgelig ikke hindre os i at beundre guldsmedens store kunst. Det helt store kaboom af en udstilling finder man forresten i Historisches gr\u00fcnes Gew\u00f6lbe, i hvert fald hvad ang\u00e5r kostbarheder, m\u00e5ske ikke s\u00e5 meget i forhold til sk\u00f8nhed. Her betaler det sig at bestille billetter hjemmefra, for det er sj\u00e6ldent muligt at komme ind direkte fra gaden, og i hvert fald slet ikke hvis man kommer i flok.<\/p><p>Desv\u00e6rre er det ikke tilladt at fotografere derinde og jeg har holdt mig til anvisningen, s\u00e5 jeg har ikke billeder derindefra. Hvis man f\u00f8ler at det kildrer ved synes af kaffestellet og opstillingen af stormogulens f\u00f8dselsdag, s\u00e5 er det et bes\u00f8g v\u00e6rd. Jeg n\u00e6vner lige at i en af de sidste sale er der udstillet diverse garniturer.<\/p><p>N\u00e5r fyrsten syntes \u201cidag har jeg lyst til at g\u00e5 med rubiner\u201d s\u00e5 var der et s\u00e6t med knapper, skosp\u00e6nder, en paradek\u00e5rde, en broche m.m. Jeg husker ikke om der ogs\u00e5 var en rubinbesat bukseknap med i s\u00e6ttet, men det ville ikke overraske mig. Og hvis det ikke passer i farven, s\u00e5 kan vi jo bare bruge smaragder eller diamanter eller safirer eller en af de andre. Jeg mener der var en 6-8 forskellige s\u00e6t. Ikke noget billigt skidt som halv\u00e6delstene. Personalet syr dem p\u00e5 min kongelige vest i nat, mens jeg sover.<\/p><p>Link: Dresden som kulturhistorisk Mekka #2<\/p>\t\t\t\t\t\t\t\t<\/div>\n\t\t\t\t<\/div>\n\t\t\t\t\t<\/div>\n\t\t<\/div>\n\t\t\t\t\t<\/div>\n\t\t<\/section>\n\t\t\t\t<\/div>\n\t\t","protected":false},"excerpt":{"rendered":"<p>Der blev bygget pr\u00e6gtige pal\u00e6er, der blev fremstillet fantastisk kunst og kunsth\u00e5ndv\u00e6rk. En kort overgang var fystend\u00f8mmet Sachsen nemlig ved at stige op i den europ\u00e6iske superliga. <\/p>\n","protected":false},"author":1,"featured_media":3954,"comment_status":"open","ping_status":"closed","sticky":false,"template":"","format":"standard","meta":{"_eb_attr":"","footnotes":""},"categories":[116,115],"tags":[],"class_list":["post-3844","post","type-post","status-publish","format-standard","has-post-thumbnail","hentry","category-dresden","category-tyskland"],"_links":{"self":[{"href":"https:\/\/www.larsl.dk\/index.php\/wp-json\/wp\/v2\/posts\/3844","targetHints":{"allow":["GET"]}}],"collection":[{"href":"https:\/\/www.larsl.dk\/index.php\/wp-json\/wp\/v2\/posts"}],"about":[{"href":"https:\/\/www.larsl.dk\/index.php\/wp-json\/wp\/v2\/types\/post"}],"author":[{"embeddable":true,"href":"https:\/\/www.larsl.dk\/index.php\/wp-json\/wp\/v2\/users\/1"}],"replies":[{"embeddable":true,"href":"https:\/\/www.larsl.dk\/index.php\/wp-json\/wp\/v2\/comments?post=3844"}],"version-history":[{"count":0,"href":"https:\/\/www.larsl.dk\/index.php\/wp-json\/wp\/v2\/posts\/3844\/revisions"}],"wp:featuredmedia":[{"embeddable":true,"href":"https:\/\/www.larsl.dk\/index.php\/wp-json\/wp\/v2\/media\/3954"}],"wp:attachment":[{"href":"https:\/\/www.larsl.dk\/index.php\/wp-json\/wp\/v2\/media?parent=3844"}],"wp:term":[{"taxonomy":"category","embeddable":true,"href":"https:\/\/www.larsl.dk\/index.php\/wp-json\/wp\/v2\/categories?post=3844"},{"taxonomy":"post_tag","embeddable":true,"href":"https:\/\/www.larsl.dk\/index.php\/wp-json\/wp\/v2\/tags?post=3844"}],"curies":[{"name":"wp","href":"https:\/\/api.w.org\/{rel}","templated":true}]}}